{"id":5967,"date":"2024-02-21T17:30:45","date_gmt":"2024-02-21T16:30:45","guid":{"rendered":"https:\/\/zoe4life.org\/?p=5967"},"modified":"2024-02-22T14:15:06","modified_gmt":"2024-02-22T13:15:06","slug":"zoe4life-organizes-its-second-charity-gala","status":"publish","type":"post","link":"https:\/\/zoe4life.org\/en\/zoe4life-organizes-its-second-charity-gala\/","title":{"rendered":"Zo\u00e94life organizes its second charity gala"},"content":{"rendered":"<div data-elementor-type=\"wp-post\" data-elementor-id=\"5967\" class=\"elementor elementor-5967\" data-elementor-post-type=\"post\">\n\t\t\t\t<div class=\"elementor-element elementor-element-13c6879 e-flex e-con-boxed e-con e-parent\" data-id=\"13c6879\" data-element_type=\"container\">\n\t\t\t\t\t<div class=\"e-con-inner\">\n\t\t\t\t<div class=\"elementor-element elementor-element-c3f1dab elementor-widget elementor-widget-spacer\" data-id=\"c3f1dab\" data-element_type=\"widget\" data-widget_type=\"spacer.default\">\n\t\t\t\t<div class=\"elementor-widget-container\">\n\t\t\t\t\t\t\t<div class=\"elementor-spacer\">\n\t\t\t<div class=\"elementor-spacer-inner\"><\/div>\n\t\t<\/div>\n\t\t\t\t\t\t<\/div>\n\t\t\t\t<\/div>\n\t\t\t\t\t<\/div>\n\t\t\t\t<\/div>\n\t\t<div class=\"elementor-element elementor-element-2e05cfb e-flex e-con-boxed e-con e-parent\" data-id=\"2e05cfb\" data-element_type=\"container\">\n\t\t\t\t\t<div class=\"e-con-inner\">\n\t\t\t\t<div class=\"elementor-element elementor-element-7ba90c3 elementor-widget elementor-widget-heading\" data-id=\"7ba90c3\" data-element_type=\"widget\" data-widget_type=\"heading.default\">\n\t\t\t\t<div class=\"elementor-widget-container\">\n\t\t\t\t\t<h1 class=\"elementor-heading-title elementor-size-default\">ZO\u00c94LIFE ORGANIZES ITS SECOND CHARITY GALA\n<\/h1>\t\t\t\t<\/div>\n\t\t\t\t<\/div>\n\t\t\t\t<div class=\"elementor-element elementor-element-1f357ff elementor-widget elementor-widget-text-editor\" data-id=\"1f357ff\" data-element_type=\"widget\" data-widget_type=\"text-editor.default\">\n\t\t\t\t<div class=\"elementor-widget-container\">\n\t\t\t\t\t\t\t\t\t<p><span style=\"font-weight: 400;\">Very soon, we'll welcome guests to the Grande Salle in Vufflens-la-Ville (VD), for an evening of GOLD, the colour of childhood cancer, in the name of solidarity, fun, and sharing!<\/span><\/p><p><span style=\"font-weight: 400;\">On March 21, 2024, at 6 p.m., having spent a crazy day tying up the last loose ends to make sure everything runs smoothly, we'll be there, ready, happy to meet you, but of course a tad stressed, admittedly. You know, that stress that hits you a few hours before the big day, when you realize something's missing, or that you have to change your plans because things aren't working out as you'd hoped.<\/span><\/p><p><span style=\"font-weight: 400;\">Forget it. When we organize an event, we adapt and we always find solutions thanks to the great teams who support us.<\/span><\/p>\t\t\t\t\t\t\t\t<\/div>\n\t\t\t\t<\/div>\n\t\t\t\t\t<\/div>\n\t\t\t\t<\/div>\n\t\t<div class=\"elementor-element elementor-element-54cd569 e-flex e-con-boxed e-con e-parent\" data-id=\"54cd569\" data-element_type=\"container\">\n\t\t\t\t\t<div class=\"e-con-inner\">\n\t\t<div class=\"elementor-element elementor-element-5d5ae37 e-con-full e-flex e-con e-child\" data-id=\"5d5ae37\" data-element_type=\"container\">\n\t\t\t\t<div class=\"elementor-element elementor-element-0a09ed3 elementor-widget-laptop__width-initial elementor-widget elementor-widget-image\" data-id=\"0a09ed3\" data-element_type=\"widget\" data-widget_type=\"image.default\">\n\t\t\t\t<div class=\"elementor-widget-container\">\n\t\t\t\t\t\t\t\t\t\t\t\t\t\t\t<img fetchpriority=\"high\" decoding=\"async\" width=\"800\" height=\"534\" src=\"https:\/\/zoe4life.org\/wp-content\/uploads\/2024\/02\/221125_21h57m06sc-Zoe4LifeGala2022_LADO-1-1024x683.jpg\" class=\"attachment-large size-large wp-image-5978\" alt=\"\" srcset=\"https:\/\/zoe4life.org\/wp-content\/uploads\/2024\/02\/221125_21h57m06sc-Zoe4LifeGala2022_LADO-1-1024x683.jpg 1024w, https:\/\/zoe4life.org\/wp-content\/uploads\/2024\/02\/221125_21h57m06sc-Zoe4LifeGala2022_LADO-1-300x200.jpg 300w, https:\/\/zoe4life.org\/wp-content\/uploads\/2024\/02\/221125_21h57m06sc-Zoe4LifeGala2022_LADO-1-768x512.jpg 768w, https:\/\/zoe4life.org\/wp-content\/uploads\/2024\/02\/221125_21h57m06sc-Zoe4LifeGala2022_LADO-1-1536x1024.jpg 1536w, https:\/\/zoe4life.org\/wp-content\/uploads\/2024\/02\/221125_21h57m06sc-Zoe4LifeGala2022_LADO-1-2048x1366.jpg 2048w, https:\/\/zoe4life.org\/wp-content\/uploads\/2024\/02\/221125_21h57m06sc-Zoe4LifeGala2022_LADO-1-18x12.jpg 18w\" sizes=\"(max-width: 800px) 100vw, 800px\" \/>\t\t\t\t\t\t\t\t\t\t\t\t\t\t\t<\/div>\n\t\t\t\t<\/div>\n\t\t\t\t<\/div>\n\t\t<div class=\"elementor-element elementor-element-78101de e-con-full e-flex e-con e-child\" data-id=\"78101de\" data-element_type=\"container\">\n\t\t\t\t<div class=\"elementor-element elementor-element-9d68e62 elementor-widget elementor-widget-text-editor\" data-id=\"9d68e62\" data-element_type=\"widget\" data-widget_type=\"text-editor.default\">\n\t\t\t\t<div class=\"elementor-widget-container\">\n\t\t\t\t\t\t\t\t\t<p><span style=\"font-weight: 400;\">In anticipation of that moment when the doors open and our hearts start to race, registration is already open. And we're plagued by questions... Will the audience stay with us? Will the hall be full? Have we thought of everything? Will they have fun? Will the auction take off? These are the questions that keep running through our heads, and can keep us awake at night.\u00a0<\/span><\/p>\t\t\t\t\t\t\t\t<\/div>\n\t\t\t\t<\/div>\n\t\t\t\t<div class=\"elementor-element elementor-element-e5d5b32 elementor-widget elementor-widget-text-editor\" data-id=\"e5d5b32\" data-element_type=\"widget\" data-widget_type=\"text-editor.default\">\n\t\t\t\t<div class=\"elementor-widget-container\">\n\t\t\t\t\t\t\t\t\t<p><span style=\"font-weight: 400;\">As always, as parents of a child who has had cancer, we know what we're fighting for every day, and we're striving to offer our guests a solid GOLD evening with quality food and great entertainment.<\/span><\/p>\t\t\t\t\t\t\t\t<\/div>\n\t\t\t\t<\/div>\n\t\t\t\t<\/div>\n\t\t\t\t\t<\/div>\n\t\t\t\t<\/div>\n\t\t<div class=\"elementor-element elementor-element-6ec52e4 e-flex e-con-boxed e-con e-parent\" data-id=\"6ec52e4\" data-element_type=\"container\">\n\t\t\t\t\t<div class=\"e-con-inner\">\n\t\t<div class=\"elementor-element elementor-element-024debc e-con-full e-flex e-con e-child\" data-id=\"024debc\" data-element_type=\"container\">\n\t\t\t\t<div class=\"elementor-element elementor-element-5f33bdc elementor-widget elementor-widget-text-editor\" data-id=\"5f33bdc\" data-element_type=\"widget\" data-widget_type=\"text-editor.default\">\n\t\t\t\t<div class=\"elementor-widget-container\">\n\t\t\t\t\t\t\t\t\t<p><span style=\"font-weight: 400;\">This year, we're honoured to welcome <\/span><a href=\"https:\/\/urldefense.proofpoint.com\/v2\/url?u=https-3A__gjonstearsofficial.com_&amp;d=DwMFaQ&amp;c=euGZstcaTDllvimEN8b7jXrwqOf-v5A_CdpgnVfiiMM&amp;r=PMb1ysv41OKppzTH9o46mteFro3mZ6B2PLvuND0Vz14&amp;m=E_C6B75Z3QbsjlH-DxBlTSMWVmTCoeIJWVNtjiCJ4M8E2-wgCgZDO4rcu4_6WXXc&amp;s=TEGrckV0B-KMU0F_PKrK6IC96r4pJbSaUDed9QpEcDY&amp;e=\"><span style=\"font-weight: 400;\">Gjon's tears<\/span><\/a><span style=\"font-weight: 400;\">, a young Swiss-Romand artist who represented the country at Eurovision, no less. The <\/span><a href=\"https:\/\/urldefense.proofpoint.com\/v2\/url?u=https-3A__www.pillife-2Ddanse.com_&amp;d=DwMFaQ&amp;c=euGZstcaTDllvimEN8b7jXrwqOf-v5A_CdpgnVfiiMM&amp;r=PMb1ysv41OKppzTH9o46mteFro3mZ6B2PLvuND0Vz14&amp;m=E_C6B75Z3QbsjlH-DxBlTSMWVmTCoeIJWVNtjiCJ4M8E2-wgCgZDO4rcu4_6WXXc&amp;s=H3idOEt71Q7lcLjFL8rIK5QxidXkygWfAdTKR_-yWxE&amp;e=\"><span style=\"font-weight: 400;\">Pil'Life Danse Center<\/span><\/a><span style=\"font-weight: 400;\"> will offer us a moment of poetry by playing a special arrangement of our song\u00a0 <\/span><a href=\"https:\/\/www.youtube.com\/watch?v=HvFIKuq6g_M\"><span style=\"font-weight: 400;\">'Zo\u00e9 for life'<\/span><\/a><span style=\"font-weight: 400;\">. Finally, <\/span><a href=\"https:\/\/urldefense.proofpoint.com\/v2\/url?u=https-3A__jesuismagicien.ch_&amp;d=DwMFaQ&amp;c=euGZstcaTDllvimEN8b7jXrwqOf-v5A_CdpgnVfiiMM&amp;r=PMb1ysv41OKppzTH9o46mteFro3mZ6B2PLvuND0Vz14&amp;m=E_C6B75Z3QbsjlH-DxBlTSMWVmTCoeIJWVNtjiCJ4M8E2-wgCgZDO4rcu4_6WXXc&amp;s=_H9eHij_1fIRs86ZeXby0uKVSdALZefIY5J2gTsGb1E&amp;e=\"><span style=\"font-weight: 400;\">Tiziano Avola<\/span><\/a><span style=\"font-weight: 400;\"> and his sidekick Passe-Partout will bring some magic to your table.<\/span><\/p><p><span style=\"font-weight: 400;\">This emotionally-charged evening will take us from laughter to tears, and give us all an unforgettable time together.<\/span><\/p>\t\t\t\t\t\t\t\t<\/div>\n\t\t\t\t<\/div>\n\t\t\t\t<div class=\"elementor-element elementor-element-dd10da8 elementor-widget-laptop__width-initial elementor-widget elementor-widget-image\" data-id=\"dd10da8\" data-element_type=\"widget\" data-widget_type=\"image.default\">\n\t\t\t\t<div class=\"elementor-widget-container\">\n\t\t\t\t\t\t\t\t\t\t\t\t<figure class=\"wp-caption\">\n\t\t\t\t\t\t\t\t\t\t<img decoding=\"async\" width=\"768\" height=\"462\" src=\"https:\/\/zoe4life.org\/wp-content\/uploads\/2024\/02\/WhatsApp-Image-2024-02-06-at-08.17.56-768x462.jpeg\" class=\"attachment-medium_large size-medium_large wp-image-5981\" alt=\"\" srcset=\"https:\/\/zoe4life.org\/wp-content\/uploads\/2024\/02\/WhatsApp-Image-2024-02-06-at-08.17.56-768x462.jpeg 768w, https:\/\/zoe4life.org\/wp-content\/uploads\/2024\/02\/WhatsApp-Image-2024-02-06-at-08.17.56-300x181.jpeg 300w, https:\/\/zoe4life.org\/wp-content\/uploads\/2024\/02\/WhatsApp-Image-2024-02-06-at-08.17.56-1024x617.jpeg 1024w, https:\/\/zoe4life.org\/wp-content\/uploads\/2024\/02\/WhatsApp-Image-2024-02-06-at-08.17.56-1536x925.jpeg 1536w, https:\/\/zoe4life.org\/wp-content\/uploads\/2024\/02\/WhatsApp-Image-2024-02-06-at-08.17.56-18x12.jpeg 18w, https:\/\/zoe4life.org\/wp-content\/uploads\/2024\/02\/WhatsApp-Image-2024-02-06-at-08.17.56.jpeg 2048w\" sizes=\"(max-width: 768px) 100vw, 768px\" \/>\t\t\t\t\t\t\t\t\t\t\t<figcaption class=\"widget-image-caption wp-caption-text\">Pil'Life Danse Center<\/figcaption>\n\t\t\t\t\t\t\t\t\t\t<\/figure>\n\t\t\t\t\t\t\t\t\t<\/div>\n\t\t\t\t<\/div>\n\t\t\t\t<\/div>\n\t\t<div class=\"elementor-element elementor-element-8bc00b5 e-con-full e-flex e-con e-child\" data-id=\"8bc00b5\" data-element_type=\"container\">\n\t\t<div class=\"elementor-element elementor-element-79acb49 e-con-full e-flex e-con e-child\" data-id=\"79acb49\" data-element_type=\"container\">\n\t\t\t\t<div class=\"elementor-element elementor-element-f12f4e6 elementor-widget elementor-widget-image\" data-id=\"f12f4e6\" data-element_type=\"widget\" data-settings=\"{&quot;motion_fx_motion_fx_scrolling&quot;:&quot;yes&quot;,&quot;motion_fx_translateY_effect&quot;:&quot;yes&quot;,&quot;motion_fx_translateY_direction&quot;:&quot;negative&quot;,&quot;motion_fx_devices&quot;:[&quot;desktop&quot;,&quot;laptop&quot;],&quot;motion_fx_translateY_speed&quot;:{&quot;unit&quot;:&quot;px&quot;,&quot;size&quot;:4,&quot;sizes&quot;:[]},&quot;motion_fx_translateY_affectedRange&quot;:{&quot;unit&quot;:&quot;%&quot;,&quot;size&quot;:&quot;&quot;,&quot;sizes&quot;:{&quot;start&quot;:0,&quot;end&quot;:100}}}\" data-widget_type=\"image.default\">\n\t\t\t\t<div class=\"elementor-widget-container\">\n\t\t\t\t\t\t\t\t\t\t\t\t<figure class=\"wp-caption\">\n\t\t\t\t\t\t\t\t\t\t<img decoding=\"async\" width=\"768\" height=\"1024\" src=\"https:\/\/zoe4life.org\/wp-content\/uploads\/2024\/02\/DSC05200-768x1024.jpg\" class=\"attachment-medium_large size-medium_large wp-image-5979\" alt=\"\" srcset=\"https:\/\/zoe4life.org\/wp-content\/uploads\/2024\/02\/DSC05200-768x1024.jpg 768w, https:\/\/zoe4life.org\/wp-content\/uploads\/2024\/02\/DSC05200-225x300.jpg 225w, https:\/\/zoe4life.org\/wp-content\/uploads\/2024\/02\/DSC05200-1152x1536.jpg 1152w, https:\/\/zoe4life.org\/wp-content\/uploads\/2024\/02\/DSC05200-1536x2048.jpg 1536w, https:\/\/zoe4life.org\/wp-content\/uploads\/2024\/02\/DSC05200-9x12.jpg 9w, https:\/\/zoe4life.org\/wp-content\/uploads\/2024\/02\/DSC05200-scaled.jpg 1920w\" sizes=\"(max-width: 768px) 100vw, 768px\" \/>\t\t\t\t\t\t\t\t\t\t\t<figcaption class=\"widget-image-caption wp-caption-text\">Gjon's tears<\/figcaption>\n\t\t\t\t\t\t\t\t\t\t<\/figure>\n\t\t\t\t\t\t\t\t\t<\/div>\n\t\t\t\t<\/div>\n\t\t\t\t<\/div>\n\t\t<div class=\"elementor-element elementor-element-7b506a4 e-con-full e-flex e-con e-child\" data-id=\"7b506a4\" data-element_type=\"container\">\n\t\t\t\t<div class=\"elementor-element elementor-element-b876b20 elementor-widget-laptop__width-initial elementor-widget elementor-widget-image\" data-id=\"b876b20\" data-element_type=\"widget\" data-widget_type=\"image.default\">\n\t\t\t\t<div class=\"elementor-widget-container\">\n\t\t\t\t\t\t\t\t\t\t\t\t<figure class=\"wp-caption\">\n\t\t\t\t\t\t\t\t\t\t<img loading=\"lazy\" decoding=\"async\" width=\"768\" height=\"1024\" src=\"https:\/\/zoe4life.org\/wp-content\/uploads\/2024\/02\/WhatsApp-Image-2024-02-20-at-16.43.12-768x1024.jpeg\" class=\"attachment-medium_large size-medium_large wp-image-5982\" alt=\"\" srcset=\"https:\/\/zoe4life.org\/wp-content\/uploads\/2024\/02\/WhatsApp-Image-2024-02-20-at-16.43.12-768x1024.jpeg 768w, https:\/\/zoe4life.org\/wp-content\/uploads\/2024\/02\/WhatsApp-Image-2024-02-20-at-16.43.12-225x300.jpeg 225w, https:\/\/zoe4life.org\/wp-content\/uploads\/2024\/02\/WhatsApp-Image-2024-02-20-at-16.43.12-1152x1536.jpeg 1152w, https:\/\/zoe4life.org\/wp-content\/uploads\/2024\/02\/WhatsApp-Image-2024-02-20-at-16.43.12-9x12.jpeg 9w, https:\/\/zoe4life.org\/wp-content\/uploads\/2024\/02\/WhatsApp-Image-2024-02-20-at-16.43.12.jpeg 1200w\" sizes=\"(max-width: 768px) 100vw, 768px\" \/>\t\t\t\t\t\t\t\t\t\t\t<figcaption class=\"widget-image-caption wp-caption-text\">Passe-Partout<\/figcaption>\n\t\t\t\t\t\t\t\t\t\t<\/figure>\n\t\t\t\t\t\t\t\t\t<\/div>\n\t\t\t\t<\/div>\n\t\t\t\t<div class=\"elementor-element elementor-element-a06e492 elementor-widget-laptop__width-initial elementor-widget elementor-widget-image\" data-id=\"a06e492\" data-element_type=\"widget\" data-widget_type=\"image.default\">\n\t\t\t\t<div class=\"elementor-widget-container\">\n\t\t\t\t\t\t\t\t\t\t\t\t<figure class=\"wp-caption\">\n\t\t\t\t\t\t\t\t\t\t<img loading=\"lazy\" decoding=\"async\" width=\"768\" height=\"1154\" src=\"https:\/\/zoe4life.org\/wp-content\/uploads\/2024\/02\/Photo_Tiziano-Avola-1-768x1154.jpg\" class=\"attachment-medium_large size-medium_large wp-image-5980\" alt=\"\" srcset=\"https:\/\/zoe4life.org\/wp-content\/uploads\/2024\/02\/Photo_Tiziano-Avola-1-768x1154.jpg 768w, https:\/\/zoe4life.org\/wp-content\/uploads\/2024\/02\/Photo_Tiziano-Avola-1-200x300.jpg 200w, https:\/\/zoe4life.org\/wp-content\/uploads\/2024\/02\/Photo_Tiziano-Avola-1-682x1024.jpg 682w, https:\/\/zoe4life.org\/wp-content\/uploads\/2024\/02\/Photo_Tiziano-Avola-1-1022x1536.jpg 1022w, https:\/\/zoe4life.org\/wp-content\/uploads\/2024\/02\/Photo_Tiziano-Avola-1-1363x2048.jpg 1363w, https:\/\/zoe4life.org\/wp-content\/uploads\/2024\/02\/Photo_Tiziano-Avola-1-8x12.jpg 8w, https:\/\/zoe4life.org\/wp-content\/uploads\/2024\/02\/Photo_Tiziano-Avola-1-scaled.jpg 1704w\" sizes=\"(max-width: 768px) 100vw, 768px\" \/>\t\t\t\t\t\t\t\t\t\t\t<figcaption class=\"widget-image-caption wp-caption-text\">Titiano Avola<\/figcaption>\n\t\t\t\t\t\t\t\t\t\t<\/figure>\n\t\t\t\t\t\t\t\t\t<\/div>\n\t\t\t\t<\/div>\n\t\t\t\t<\/div>\n\t\t\t\t<\/div>\n\t\t\t\t\t<\/div>\n\t\t\t\t<\/div>\n\t\t<div class=\"elementor-element elementor-element-06198ec e-flex e-con-boxed e-con e-parent\" data-id=\"06198ec\" data-element_type=\"container\">\n\t\t\t\t\t<div class=\"e-con-inner\">\n\t\t<div class=\"elementor-element elementor-element-ccc0747 e-con-full e-flex e-con e-child\" data-id=\"ccc0747\" data-element_type=\"container\">\n\t\t\t\t<div class=\"elementor-element elementor-element-af3d1b8 elementor-widget elementor-widget-text-editor\" data-id=\"af3d1b8\" data-element_type=\"widget\" data-widget_type=\"text-editor.default\">\n\t\t\t\t<div class=\"elementor-widget-container\">\n\t\t\t\t\t\t\t\t\t<p><span style=\"font-weight: 400;\">Once again, we're putting on a magnificent tombola with top-quality prizes donated by partners who believe in our cause.\u00a0<\/span><\/p><p><span style=\"font-weight: 400;\">Then it's time to get fired up for the auction, the highlight of the evening, hosted by comedian and humourist <\/span><a href=\"https:\/\/urldefense.proofpoint.com\/v2\/url?u=https-3A__www.christianmukuna.com_&amp;d=DwMFaQ&amp;c=euGZstcaTDllvimEN8b7jXrwqOf-v5A_CdpgnVfiiMM&amp;r=PMb1ysv41OKppzTH9o46mteFro3mZ6B2PLvuND0Vz14&amp;m=E_C6B75Z3QbsjlH-DxBlTSMWVmTCoeIJWVNtjiCJ4M8E2-wgCgZDO4rcu4_6WXXc&amp;s=PFE8yvFKdqW5TOfJ1XEBrGtfwJRtRcusH35738HKvCQ&amp;e=\"><span style=\"font-weight: 400;\">Christian Mukuna<\/span><\/a><span style=\"font-weight: 400;\">, which will feature a Manchester City shirt signed by world-famous footballer Erling Haaland, along with various other one-offs ... but we're it's all very hush-hush for the time being!<\/span><\/p>\t\t\t\t\t\t\t\t<\/div>\n\t\t\t\t<\/div>\n\t\t\t\t<\/div>\n\t\t<div class=\"elementor-element elementor-element-633bd33 e-con-full e-flex e-con e-child\" data-id=\"633bd33\" data-element_type=\"container\">\n\t\t<div class=\"elementor-element elementor-element-22e152e e-con-full e-flex e-con e-child\" data-id=\"22e152e\" data-element_type=\"container\">\n\t\t\t\t<div class=\"elementor-element elementor-element-1ddf319 elementor-widget-laptop__width-initial elementor-widget__width-initial elementor-widget elementor-widget-image\" data-id=\"1ddf319\" data-element_type=\"widget\" data-widget_type=\"image.default\">\n\t\t\t\t<div class=\"elementor-widget-container\">\n\t\t\t\t\t\t\t\t\t\t\t\t<figure class=\"wp-caption\">\n\t\t\t\t\t\t\t\t\t\t<img loading=\"lazy\" decoding=\"async\" width=\"2560\" height=\"1707\" src=\"https:\/\/zoe4life.org\/wp-content\/uploads\/2024\/02\/AN8A8352-scaled.jpg\" class=\"attachment-full size-full wp-image-5985\" alt=\"\" srcset=\"https:\/\/zoe4life.org\/wp-content\/uploads\/2024\/02\/AN8A8352-scaled.jpg 2560w, https:\/\/zoe4life.org\/wp-content\/uploads\/2024\/02\/AN8A8352-300x200.jpg 300w, https:\/\/zoe4life.org\/wp-content\/uploads\/2024\/02\/AN8A8352-1024x683.jpg 1024w, https:\/\/zoe4life.org\/wp-content\/uploads\/2024\/02\/AN8A8352-768x512.jpg 768w, https:\/\/zoe4life.org\/wp-content\/uploads\/2024\/02\/AN8A8352-1536x1024.jpg 1536w, https:\/\/zoe4life.org\/wp-content\/uploads\/2024\/02\/AN8A8352-2048x1366.jpg 2048w, https:\/\/zoe4life.org\/wp-content\/uploads\/2024\/02\/AN8A8352-18x12.jpg 18w\" sizes=\"(max-width: 2560px) 100vw, 2560px\" \/>\t\t\t\t\t\t\t\t\t\t\t<figcaption class=\"widget-image-caption wp-caption-text\">Christian Mukuna in action in 2022<\/figcaption>\n\t\t\t\t\t\t\t\t\t\t<\/figure>\n\t\t\t\t\t\t\t\t\t<\/div>\n\t\t\t\t<\/div>\n\t\t\t\t<div class=\"elementor-element elementor-element-b07485b elementor-widget elementor-widget-text-editor\" data-id=\"b07485b\" data-element_type=\"widget\" data-widget_type=\"text-editor.default\">\n\t\t\t\t<div class=\"elementor-widget-container\">\n\t\t\t\t\t\t\t\t\t<p>Manel santiso<\/p>\t\t\t\t\t\t\t\t<\/div>\n\t\t\t\t<\/div>\n\t\t\t\t<\/div>\n\t\t<div class=\"elementor-element elementor-element-f22b17a e-con-full e-flex e-con e-child\" data-id=\"f22b17a\" data-element_type=\"container\">\n\t\t\t\t<div class=\"elementor-element elementor-element-d3d3246 elementor-widget__width-initial elementor-widget elementor-widget-image\" data-id=\"d3d3246\" data-element_type=\"widget\" data-widget_type=\"image.default\">\n\t\t\t\t<div class=\"elementor-widget-container\">\n\t\t\t\t\t\t\t\t\t\t\t\t<figure class=\"wp-caption\">\n\t\t\t\t\t\t\t\t\t\t<img loading=\"lazy\" decoding=\"async\" width=\"2560\" height=\"1707\" src=\"https:\/\/zoe4life.org\/wp-content\/uploads\/2024\/02\/221125_21h53m32sc-Zoe4LifeGala2022_LADO-scaled.jpg\" class=\"attachment-full size-full wp-image-5984\" alt=\"\" srcset=\"https:\/\/zoe4life.org\/wp-content\/uploads\/2024\/02\/221125_21h53m32sc-Zoe4LifeGala2022_LADO-scaled.jpg 2560w, https:\/\/zoe4life.org\/wp-content\/uploads\/2024\/02\/221125_21h53m32sc-Zoe4LifeGala2022_LADO-300x200.jpg 300w, https:\/\/zoe4life.org\/wp-content\/uploads\/2024\/02\/221125_21h53m32sc-Zoe4LifeGala2022_LADO-1024x683.jpg 1024w, https:\/\/zoe4life.org\/wp-content\/uploads\/2024\/02\/221125_21h53m32sc-Zoe4LifeGala2022_LADO-768x512.jpg 768w, https:\/\/zoe4life.org\/wp-content\/uploads\/2024\/02\/221125_21h53m32sc-Zoe4LifeGala2022_LADO-1536x1024.jpg 1536w, https:\/\/zoe4life.org\/wp-content\/uploads\/2024\/02\/221125_21h53m32sc-Zoe4LifeGala2022_LADO-2048x1365.jpg 2048w, https:\/\/zoe4life.org\/wp-content\/uploads\/2024\/02\/221125_21h53m32sc-Zoe4LifeGala2022_LADO-18x12.jpg 18w\" sizes=\"(max-width: 2560px) 100vw, 2560px\" \/>\t\t\t\t\t\t\t\t\t\t\t<figcaption class=\"widget-image-caption wp-caption-text\">Our ambasers, Lana Guignard and Ma\u00efque Perez for the tombola<\/figcaption>\n\t\t\t\t\t\t\t\t\t\t<\/figure>\n\t\t\t\t\t\t\t\t\t<\/div>\n\t\t\t\t<\/div>\n\t\t\t\t<div class=\"elementor-element elementor-element-a9d413b elementor-widget elementor-widget-text-editor\" data-id=\"a9d413b\" data-element_type=\"widget\" data-widget_type=\"text-editor.default\">\n\t\t\t\t<div class=\"elementor-widget-container\">\n\t\t\t\t\t\t\t\t\tGabriel Lado\t\t\t\t\t\t\t\t<\/div>\n\t\t\t\t<\/div>\n\t\t\t\t<\/div>\n\t\t\t\t<\/div>\n\t\t\t\t\t<\/div>\n\t\t\t\t<\/div>\n\t\t<div class=\"elementor-element elementor-element-d4a77cb e-flex e-con-boxed e-con e-parent\" data-id=\"d4a77cb\" data-element_type=\"container\">\n\t\t\t\t\t<div class=\"e-con-inner\">\n\t\t\t\t<div class=\"elementor-element elementor-element-3743867 elementor-widget elementor-widget-spacer\" data-id=\"3743867\" data-element_type=\"widget\" data-widget_type=\"spacer.default\">\n\t\t\t\t<div class=\"elementor-widget-container\">\n\t\t\t\t\t\t\t<div class=\"elementor-spacer\">\n\t\t\t<div class=\"elementor-spacer-inner\"><\/div>\n\t\t<\/div>\n\t\t\t\t\t\t<\/div>\n\t\t\t\t<\/div>\n\t\t\t\t\t<\/div>\n\t\t\t\t<\/div>\n\t\t<div class=\"elementor-element elementor-element-fe8ca76 e-flex e-con-boxed e-con e-parent\" data-id=\"fe8ca76\" data-element_type=\"container\">\n\t\t\t\t\t<div class=\"e-con-inner\">\n\t\t<div class=\"elementor-element elementor-element-bb9eb02 e-con-full e-flex e-con e-child\" data-id=\"bb9eb02\" data-element_type=\"container\">\n\t\t\t\t<div class=\"elementor-element elementor-element-477bf47 elementor-widget elementor-widget-text-editor\" data-id=\"477bf47\" data-element_type=\"widget\" data-widget_type=\"text-editor.default\">\n\t\t\t\t<div class=\"elementor-widget-container\">\n\t\t\t\t\t\t\t\t\t<h5><strong>The Gala is an chance for us to give you a fantastic time while paying tribute to all children with cancer, those who have left us, those who are still fighting, and those for whom life will never be quite the same again.<\/strong><\/h5><h5><strong>An evening when we can thank you for your kindness and for standing by our side. And as Anne Frank said: 'Because no one became poor by giving', together we can offer children with cancer the hope of a cure.<\/strong><\/h5>\t\t\t\t\t\t\t\t<\/div>\n\t\t\t\t<\/div>\n\t\t\t\t<div class=\"elementor-element elementor-element-25809c5 elementor-widget elementor-widget-text-editor\" data-id=\"25809c5\" data-element_type=\"widget\" data-widget_type=\"text-editor.default\">\n\t\t\t\t<div class=\"elementor-widget-container\">\n\t\t\t\t\t\t\t\t\t<p>Ga\u00eblle and Natalie<\/p>\t\t\t\t\t\t\t\t<\/div>\n\t\t\t\t<\/div>\n\t\t\t\t<\/div>\n\t\t<div class=\"elementor-element elementor-element-e87b2a6 e-con-full e-flex e-con e-child\" data-id=\"e87b2a6\" data-element_type=\"container\">\n\t\t\t\t<div class=\"elementor-element elementor-element-990cea7 elementor-widget elementor-widget-image\" data-id=\"990cea7\" data-element_type=\"widget\" data-widget_type=\"image.default\">\n\t\t\t\t<div class=\"elementor-widget-container\">\n\t\t\t\t\t\t\t\t\t\t\t\t<figure class=\"wp-caption\">\n\t\t\t\t\t\t\t\t\t\t<img loading=\"lazy\" decoding=\"async\" width=\"800\" height=\"471\" src=\"https:\/\/zoe4life.org\/wp-content\/uploads\/2024\/02\/NG-et-GS-1024x603.jpg\" class=\"attachment-large size-large wp-image-5989\" alt=\"\" srcset=\"https:\/\/zoe4life.org\/wp-content\/uploads\/2024\/02\/NG-et-GS-1024x603.jpg 1024w, https:\/\/zoe4life.org\/wp-content\/uploads\/2024\/02\/NG-et-GS-300x177.jpg 300w, https:\/\/zoe4life.org\/wp-content\/uploads\/2024\/02\/NG-et-GS-768x452.jpg 768w, https:\/\/zoe4life.org\/wp-content\/uploads\/2024\/02\/NG-et-GS-1536x905.jpg 1536w, https:\/\/zoe4life.org\/wp-content\/uploads\/2024\/02\/NG-et-GS-2048x1206.jpg 2048w, https:\/\/zoe4life.org\/wp-content\/uploads\/2024\/02\/NG-et-GS-18x12.jpg 18w\" sizes=\"(max-width: 800px) 100vw, 800px\" \/>\t\t\t\t\t\t\t\t\t\t\t<figcaption class=\"widget-image-caption wp-caption-text\">Natalie Guignard, Director and founding member with Ga\u00eblle Solioz, Assistant Director<\/figcaption>\n\t\t\t\t\t\t\t\t\t\t<\/figure>\n\t\t\t\t\t\t\t\t\t<\/div>\n\t\t\t\t<\/div>\n\t\t\t\t<div class=\"elementor-element elementor-element-5b1e630 elementor-widget elementor-widget-text-editor\" data-id=\"5b1e630\" data-element_type=\"widget\" data-widget_type=\"text-editor.default\">\n\t\t\t\t<div class=\"elementor-widget-container\">\n\t\t\t\t\t\t\t\t\tGabriel Lado\t\t\t\t\t\t\t\t<\/div>\n\t\t\t\t<\/div>\n\t\t\t\t<\/div>\n\t\t\t\t\t<\/div>\n\t\t\t\t<\/div>\n\t\t<div class=\"elementor-element elementor-element-f0bbaf5 e-flex e-con-boxed e-con e-parent\" data-id=\"f0bbaf5\" data-element_type=\"container\">\n\t\t\t\t\t<div class=\"e-con-inner\">\n\t\t\t\t<div class=\"elementor-element elementor-element-97f3694 elementor-align-center elementor-widget elementor-widget-button\" data-id=\"97f3694\" data-element_type=\"widget\" data-widget_type=\"button.default\">\n\t\t\t\t<div class=\"elementor-widget-container\">\n\t\t\t\t\t\t\t\t\t<div class=\"elementor-button-wrapper\">\n\t\t\t\t\t<a class=\"elementor-button elementor-button-link elementor-size-xl\" href=\"https:\/\/docs.google.com\/forms\/d\/e\/1FAIpQLScROjXBeTUFoQxYNSh3Gz_o2ihAnOXa5phDWWjGhsabHSkPww\/viewform\" target=\"_blank\">\n\t\t\t\t\t\t<span class=\"elementor-button-content-wrapper\">\n\t\t\t\t\t\t\t\t\t<span class=\"elementor-button-text\">Information and registration<\/span>\n\t\t\t\t\t<\/span>\n\t\t\t\t\t<\/a>\n\t\t\t\t<\/div>\n\t\t\t\t\t\t\t\t<\/div>\n\t\t\t\t<\/div>\n\t\t\t\t\t<\/div>\n\t\t\t\t<\/div>\n\t\t<div class=\"elementor-element elementor-element-5fb063e e-flex e-con-boxed e-con e-parent\" data-id=\"5fb063e\" data-element_type=\"container\">\n\t\t\t\t\t<div class=\"e-con-inner\">\n\t\t\t\t<div class=\"elementor-element elementor-element-010efa5 elementor-widget elementor-widget-video\" data-id=\"010efa5\" data-element_type=\"widget\" data-settings=\"{&quot;youtube_url&quot;:&quot;https:\\\/\\\/youtu.be\\\/b3_TSrDH98c?si=GbVNsaJpxv9rV1A4&quot;,&quot;autoplay&quot;:&quot;yes&quot;,&quot;play_on_mobile&quot;:&quot;yes&quot;,&quot;video_type&quot;:&quot;youtube&quot;,&quot;controls&quot;:&quot;yes&quot;}\" data-widget_type=\"video.default\">\n\t\t\t\t<div class=\"elementor-widget-container\">\n\t\t\t\t\t\t\t<div class=\"elementor-wrapper elementor-open-inline\">\n\t\t\t<div class=\"elementor-video\"><\/div>\t\t<\/div>\n\t\t\t\t\t\t<\/div>\n\t\t\t\t<\/div>\n\t\t\t\t\t<\/div>\n\t\t\t\t<\/div>\n\t\t\t\t<\/div>","protected":false},"excerpt":{"rendered":"<p>ZO\u00c94LIFE ORGANIZES ITS SECOND CHARITY GALA In less than a month, we'll be welcoming our guests to the Grande Salle in Vufflens-la-Ville (VD), for an evening of GOLD, the symbolic color of childhood cancer, under the banner of solidarity, fun and sharing! On March 21, 2024, starting at 6.00 pm, after a [...]<\/p>","protected":false},"author":2,"featured_media":5984,"comment_status":"closed","ping_status":"closed","sticky":false,"template":"","format":"standard","meta":{"_acf_changed":false,"footnotes":""},"categories":[27,29],"tags":[],"class_list":["post-5967","post","type-post","status-publish","format-standard","has-post-thumbnail","hentry","category-actualite-recente","category-publie"],"acf":[],"yoast_head":"<!-- This site is optimized with the Yoast SEO plugin v26.6 - https:\/\/yoast.com\/wordpress\/plugins\/seo\/ -->\n<title>Zo\u00e94life organise son deuxi\u00e8me gala de charit\u00e9 - Zo\u00e94life<\/title>\n<meta name=\"robots\" content=\"index, follow, max-snippet:-1, max-image-preview:large, max-video-preview:-1\" \/>\n<link rel=\"canonical\" href=\"https:\/\/zoe4life.org\/en\/zoe4life-organizes-its-second-charity-gala\/\" \/>\n<meta property=\"og:locale\" content=\"en_US\" \/>\n<meta property=\"og:type\" content=\"article\" \/>\n<meta property=\"og:title\" content=\"Zo\u00e94life organise son deuxi\u00e8me gala de charit\u00e9 - Zo\u00e94life\" \/>\n<meta property=\"og:description\" content=\"ZO\u00c94LIFE ORGANISE SON SECOND GALA DE CHARIT\u00c9 Dans moins d&#8217;un mois, nous accueillerons nos invit\u00e9s dans la Grande Salle de Vufflens-la-Ville (VD), pour leur proposer une soir\u00e9e d\u2019OR, couleur symbolique du cancer de l\u2019enfant, plac\u00e9e sous le signe de la solidarit\u00e9, du plaisir et du partage ! Le 21 mars 2024, d\u00e8s 18h00, apr\u00e8s avoir [&hellip;]\" \/>\n<meta property=\"og:url\" content=\"https:\/\/zoe4life.org\/en\/zoe4life-organizes-its-second-charity-gala\/\" \/>\n<meta property=\"og:site_name\" content=\"Zo\u00e94life\" \/>\n<meta property=\"article:publisher\" content=\"https:\/\/www.facebook.com\/zoe4lifeCH\" \/>\n<meta property=\"article:published_time\" content=\"2024-02-21T16:30:45+00:00\" \/>\n<meta property=\"article:modified_time\" content=\"2024-02-22T13:15:06+00:00\" \/>\n<meta property=\"og:image\" content=\"https:\/\/zoe4life.org\/wp-content\/uploads\/2024\/02\/221125_21h53m32sc-Zoe4LifeGala2022_LADO-scaled.jpg\" \/>\n\t<meta property=\"og:image:width\" content=\"2560\" \/>\n\t<meta property=\"og:image:height\" content=\"1707\" \/>\n\t<meta property=\"og:image:type\" content=\"image\/jpeg\" \/>\n<meta name=\"author\" content=\"Natalie Zo\u00e94life\" \/>\n<meta name=\"twitter:card\" content=\"summary_large_image\" \/>\n<meta name=\"twitter:creator\" content=\"@zoe44life\" \/>\n<meta name=\"twitter:site\" content=\"@zoe44life\" \/>\n<meta name=\"twitter:label1\" content=\"Written by\" \/>\n\t<meta name=\"twitter:data1\" content=\"Natalie Zo\u00e94life\" \/>\n\t<meta name=\"twitter:label2\" content=\"Est. reading time\" \/>\n\t<meta name=\"twitter:data2\" content=\"5 minutes\" \/>\n<script type=\"application\/ld+json\" class=\"yoast-schema-graph\">{\"@context\":\"https:\/\/schema.org\",\"@graph\":[{\"@type\":\"Article\",\"@id\":\"https:\/\/zoe4life.org\/zoe4life-organise-son-deuxieme-gala-de-charite\/#article\",\"isPartOf\":{\"@id\":\"https:\/\/zoe4life.org\/zoe4life-organise-son-deuxieme-gala-de-charite\/\"},\"author\":{\"name\":\"Natalie Zo\u00e94life\",\"@id\":\"https:\/\/zoe4life.org\/#\/schema\/person\/86347490a73d89f0b14247c28fd87364\"},\"headline\":\"Zo\u00e94life organise son deuxi\u00e8me gala de charit\u00e9\",\"datePublished\":\"2024-02-21T16:30:45+00:00\",\"dateModified\":\"2024-02-22T13:15:06+00:00\",\"mainEntityOfPage\":{\"@id\":\"https:\/\/zoe4life.org\/zoe4life-organise-son-deuxieme-gala-de-charite\/\"},\"wordCount\":631,\"publisher\":{\"@id\":\"https:\/\/zoe4life.org\/#organization\"},\"image\":{\"@id\":\"https:\/\/zoe4life.org\/zoe4life-organise-son-deuxieme-gala-de-charite\/#primaryimage\"},\"thumbnailUrl\":\"https:\/\/zoe4life.org\/wp-content\/uploads\/2024\/02\/221125_21h53m32sc-Zoe4LifeGala2022_LADO-scaled.jpg\",\"articleSection\":[\"Actualit\u00e9s r\u00e9centes\",\"Publi\u00e9\"],\"inLanguage\":\"en-US\"},{\"@type\":\"WebPage\",\"@id\":\"https:\/\/zoe4life.org\/zoe4life-organise-son-deuxieme-gala-de-charite\/\",\"url\":\"https:\/\/zoe4life.org\/zoe4life-organise-son-deuxieme-gala-de-charite\/\",\"name\":\"Zo\u00e94life organise son deuxi\u00e8me gala de charit\u00e9 - Zo\u00e94life\",\"isPartOf\":{\"@id\":\"https:\/\/zoe4life.org\/#website\"},\"primaryImageOfPage\":{\"@id\":\"https:\/\/zoe4life.org\/zoe4life-organise-son-deuxieme-gala-de-charite\/#primaryimage\"},\"image\":{\"@id\":\"https:\/\/zoe4life.org\/zoe4life-organise-son-deuxieme-gala-de-charite\/#primaryimage\"},\"thumbnailUrl\":\"https:\/\/zoe4life.org\/wp-content\/uploads\/2024\/02\/221125_21h53m32sc-Zoe4LifeGala2022_LADO-scaled.jpg\",\"datePublished\":\"2024-02-21T16:30:45+00:00\",\"dateModified\":\"2024-02-22T13:15:06+00:00\",\"breadcrumb\":{\"@id\":\"https:\/\/zoe4life.org\/zoe4life-organise-son-deuxieme-gala-de-charite\/#breadcrumb\"},\"inLanguage\":\"en-US\",\"potentialAction\":[{\"@type\":\"ReadAction\",\"target\":[\"https:\/\/zoe4life.org\/zoe4life-organise-son-deuxieme-gala-de-charite\/\"]}]},{\"@type\":\"ImageObject\",\"inLanguage\":\"en-US\",\"@id\":\"https:\/\/zoe4life.org\/zoe4life-organise-son-deuxieme-gala-de-charite\/#primaryimage\",\"url\":\"https:\/\/zoe4life.org\/wp-content\/uploads\/2024\/02\/221125_21h53m32sc-Zoe4LifeGala2022_LADO-scaled.jpg\",\"contentUrl\":\"https:\/\/zoe4life.org\/wp-content\/uploads\/2024\/02\/221125_21h53m32sc-Zoe4LifeGala2022_LADO-scaled.jpg\",\"width\":2560,\"height\":1707,\"caption\":\"25 novembre 2022. Pully. Maison Pulli\u00e9rane. Gala de Charit\u00e9 Zo\u00e94Life. \u00a9 Gabriel Lado\"},{\"@type\":\"BreadcrumbList\",\"@id\":\"https:\/\/zoe4life.org\/zoe4life-organise-son-deuxieme-gala-de-charite\/#breadcrumb\",\"itemListElement\":[{\"@type\":\"ListItem\",\"position\":1,\"name\":\"Accueil\",\"item\":\"https:\/\/zoe4life.org\/\"},{\"@type\":\"ListItem\",\"position\":2,\"name\":\"Zo\u00e94life organise son deuxi\u00e8me gala de charit\u00e9\"}]},{\"@type\":\"WebSite\",\"@id\":\"https:\/\/zoe4life.org\/#website\",\"url\":\"https:\/\/zoe4life.org\/\",\"name\":\"Zo\u00e94Life\",\"description\":\"Ensemble contre le cancer de l&#039;enfant avec l&#039;association Zo\u00e94life\",\"publisher\":{\"@id\":\"https:\/\/zoe4life.org\/#organization\"},\"potentialAction\":[{\"@type\":\"SearchAction\",\"target\":{\"@type\":\"EntryPoint\",\"urlTemplate\":\"https:\/\/zoe4life.org\/?s={search_term_string}\"},\"query-input\":{\"@type\":\"PropertyValueSpecification\",\"valueRequired\":true,\"valueName\":\"search_term_string\"}}],\"inLanguage\":\"en-US\"},{\"@type\":\"Organization\",\"@id\":\"https:\/\/zoe4life.org\/#organization\",\"name\":\"Zo\u00e94Life\",\"url\":\"https:\/\/zoe4life.org\/\",\"logo\":{\"@type\":\"ImageObject\",\"inLanguage\":\"en-US\",\"@id\":\"https:\/\/zoe4life.org\/#\/schema\/logo\/image\/\",\"url\":\"https:\/\/zoe4life.org\/wp-content\/uploads\/2023\/08\/logo-full-zoe4life.png\",\"contentUrl\":\"https:\/\/zoe4life.org\/wp-content\/uploads\/2023\/08\/logo-full-zoe4life.png\",\"width\":600,\"height\":668,\"caption\":\"Zo\u00e94Life\"},\"image\":{\"@id\":\"https:\/\/zoe4life.org\/#\/schema\/logo\/image\/\"},\"sameAs\":[\"https:\/\/www.facebook.com\/zoe4lifeCH\",\"https:\/\/x.com\/zoe44life\",\"https:\/\/instagram.com\/zoe_4_life\/\",\"https:\/\/www.linkedin.com\/company\/zoe4life\",\"https:\/\/www.youtube.com\/channel\/UC5nG2HheLJVOlz4c3K30XRA\",\"https:\/\/www.pinterest.ch\/zo4life\/\"]},{\"@type\":\"Person\",\"@id\":\"https:\/\/zoe4life.org\/#\/schema\/person\/86347490a73d89f0b14247c28fd87364\",\"name\":\"Natalie Zo\u00e94life\",\"image\":{\"@type\":\"ImageObject\",\"inLanguage\":\"en-US\",\"@id\":\"https:\/\/zoe4life.org\/#\/schema\/person\/image\/\",\"url\":\"https:\/\/secure.gravatar.com\/avatar\/323bdcdd786a9af7282eddd0678713f69b3be18fb541c75e8310ec103d1cb6dd?s=96&d=mm&r=g\",\"contentUrl\":\"https:\/\/secure.gravatar.com\/avatar\/323bdcdd786a9af7282eddd0678713f69b3be18fb541c75e8310ec103d1cb6dd?s=96&d=mm&r=g\",\"caption\":\"Natalie Zo\u00e94life\"},\"url\":\"https:\/\/zoe4life.org\/en\/author\/nataliezoe4life-org\/\"}]}<\/script>\n<!-- \/ Yoast SEO plugin. -->","yoast_head_json":{"title":"Zo\u00e94life organizes its second charity gala - Zo\u00e94life","robots":{"index":"index","follow":"follow","max-snippet":"max-snippet:-1","max-image-preview":"max-image-preview:large","max-video-preview":"max-video-preview:-1"},"canonical":"https:\/\/zoe4life.org\/en\/zoe4life-organizes-its-second-charity-gala\/","og_locale":"en_US","og_type":"article","og_title":"Zo\u00e94life organise son deuxi\u00e8me gala de charit\u00e9 - Zo\u00e94life","og_description":"ZO\u00c94LIFE ORGANISE SON SECOND GALA DE CHARIT\u00c9 Dans moins d&#8217;un mois, nous accueillerons nos invit\u00e9s dans la Grande Salle de Vufflens-la-Ville (VD), pour leur proposer une soir\u00e9e d\u2019OR, couleur symbolique du cancer de l\u2019enfant, plac\u00e9e sous le signe de la solidarit\u00e9, du plaisir et du partage ! Le 21 mars 2024, d\u00e8s 18h00, apr\u00e8s avoir [&hellip;]","og_url":"https:\/\/zoe4life.org\/en\/zoe4life-organizes-its-second-charity-gala\/","og_site_name":"Zo\u00e94life","article_publisher":"https:\/\/www.facebook.com\/zoe4lifeCH","article_published_time":"2024-02-21T16:30:45+00:00","article_modified_time":"2024-02-22T13:15:06+00:00","og_image":[{"width":2560,"height":1707,"url":"https:\/\/zoe4life.org\/wp-content\/uploads\/2024\/02\/221125_21h53m32sc-Zoe4LifeGala2022_LADO-scaled.jpg","type":"image\/jpeg"}],"author":"Natalie Zo\u00e94life","twitter_card":"summary_large_image","twitter_creator":"@zoe44life","twitter_site":"@zoe44life","twitter_misc":{"Written by":"Natalie Zo\u00e94life","Est. reading time":"5 minutes"},"schema":{"@context":"https:\/\/schema.org","@graph":[{"@type":"Article","@id":"https:\/\/zoe4life.org\/zoe4life-organise-son-deuxieme-gala-de-charite\/#article","isPartOf":{"@id":"https:\/\/zoe4life.org\/zoe4life-organise-son-deuxieme-gala-de-charite\/"},"author":{"name":"Natalie Zo\u00e94life","@id":"https:\/\/zoe4life.org\/#\/schema\/person\/86347490a73d89f0b14247c28fd87364"},"headline":"Zo\u00e94life organise son deuxi\u00e8me gala de charit\u00e9","datePublished":"2024-02-21T16:30:45+00:00","dateModified":"2024-02-22T13:15:06+00:00","mainEntityOfPage":{"@id":"https:\/\/zoe4life.org\/zoe4life-organise-son-deuxieme-gala-de-charite\/"},"wordCount":631,"publisher":{"@id":"https:\/\/zoe4life.org\/#organization"},"image":{"@id":"https:\/\/zoe4life.org\/zoe4life-organise-son-deuxieme-gala-de-charite\/#primaryimage"},"thumbnailUrl":"https:\/\/zoe4life.org\/wp-content\/uploads\/2024\/02\/221125_21h53m32sc-Zoe4LifeGala2022_LADO-scaled.jpg","articleSection":["Actualit\u00e9s r\u00e9centes","Publi\u00e9"],"inLanguage":"en-US"},{"@type":"WebPage","@id":"https:\/\/zoe4life.org\/zoe4life-organise-son-deuxieme-gala-de-charite\/","url":"https:\/\/zoe4life.org\/zoe4life-organise-son-deuxieme-gala-de-charite\/","name":"Zo\u00e94life organizes its second charity gala - Zo\u00e94life","isPartOf":{"@id":"https:\/\/zoe4life.org\/#website"},"primaryImageOfPage":{"@id":"https:\/\/zoe4life.org\/zoe4life-organise-son-deuxieme-gala-de-charite\/#primaryimage"},"image":{"@id":"https:\/\/zoe4life.org\/zoe4life-organise-son-deuxieme-gala-de-charite\/#primaryimage"},"thumbnailUrl":"https:\/\/zoe4life.org\/wp-content\/uploads\/2024\/02\/221125_21h53m32sc-Zoe4LifeGala2022_LADO-scaled.jpg","datePublished":"2024-02-21T16:30:45+00:00","dateModified":"2024-02-22T13:15:06+00:00","breadcrumb":{"@id":"https:\/\/zoe4life.org\/zoe4life-organise-son-deuxieme-gala-de-charite\/#breadcrumb"},"inLanguage":"en-US","potentialAction":[{"@type":"ReadAction","target":["https:\/\/zoe4life.org\/zoe4life-organise-son-deuxieme-gala-de-charite\/"]}]},{"@type":"ImageObject","inLanguage":"en-US","@id":"https:\/\/zoe4life.org\/zoe4life-organise-son-deuxieme-gala-de-charite\/#primaryimage","url":"https:\/\/zoe4life.org\/wp-content\/uploads\/2024\/02\/221125_21h53m32sc-Zoe4LifeGala2022_LADO-scaled.jpg","contentUrl":"https:\/\/zoe4life.org\/wp-content\/uploads\/2024\/02\/221125_21h53m32sc-Zoe4LifeGala2022_LADO-scaled.jpg","width":2560,"height":1707,"caption":"25 novembre 2022. Pully. Maison Pulli\u00e9rane. Gala de Charit\u00e9 Zo\u00e94Life. \u00a9 Gabriel Lado"},{"@type":"BreadcrumbList","@id":"https:\/\/zoe4life.org\/zoe4life-organise-son-deuxieme-gala-de-charite\/#breadcrumb","itemListElement":[{"@type":"ListItem","position":1,"name":"Accueil","item":"https:\/\/zoe4life.org\/"},{"@type":"ListItem","position":2,"name":"Zo\u00e94life organise son deuxi\u00e8me gala de charit\u00e9"}]},{"@type":"WebSite","@id":"https:\/\/zoe4life.org\/#website","url":"https:\/\/zoe4life.org\/","name":"Zo\u00e94Life","description":"Ensemble contre le cancer de l&#039;enfant avec l&#039;association Zo\u00e94life","publisher":{"@id":"https:\/\/zoe4life.org\/#organization"},"potentialAction":[{"@type":"SearchAction","target":{"@type":"EntryPoint","urlTemplate":"https:\/\/zoe4life.org\/?s={search_term_string}"},"query-input":{"@type":"PropertyValueSpecification","valueRequired":true,"valueName":"search_term_string"}}],"inLanguage":"en-US"},{"@type":"Organization","@id":"https:\/\/zoe4life.org\/#organization","name":"Zo\u00e94Life","url":"https:\/\/zoe4life.org\/","logo":{"@type":"ImageObject","inLanguage":"en-US","@id":"https:\/\/zoe4life.org\/#\/schema\/logo\/image\/","url":"https:\/\/zoe4life.org\/wp-content\/uploads\/2023\/08\/logo-full-zoe4life.png","contentUrl":"https:\/\/zoe4life.org\/wp-content\/uploads\/2023\/08\/logo-full-zoe4life.png","width":600,"height":668,"caption":"Zo\u00e94Life"},"image":{"@id":"https:\/\/zoe4life.org\/#\/schema\/logo\/image\/"},"sameAs":["https:\/\/www.facebook.com\/zoe4lifeCH","https:\/\/x.com\/zoe44life","https:\/\/instagram.com\/zoe_4_life\/","https:\/\/www.linkedin.com\/company\/zoe4life","https:\/\/www.youtube.com\/channel\/UC5nG2HheLJVOlz4c3K30XRA","https:\/\/www.pinterest.ch\/zo4life\/"]},{"@type":"Person","@id":"https:\/\/zoe4life.org\/#\/schema\/person\/86347490a73d89f0b14247c28fd87364","name":"Natalie Zo\u00e94life","image":{"@type":"ImageObject","inLanguage":"en-US","@id":"https:\/\/zoe4life.org\/#\/schema\/person\/image\/","url":"https:\/\/secure.gravatar.com\/avatar\/323bdcdd786a9af7282eddd0678713f69b3be18fb541c75e8310ec103d1cb6dd?s=96&d=mm&r=g","contentUrl":"https:\/\/secure.gravatar.com\/avatar\/323bdcdd786a9af7282eddd0678713f69b3be18fb541c75e8310ec103d1cb6dd?s=96&d=mm&r=g","caption":"Natalie Zo\u00e94life"},"url":"https:\/\/zoe4life.org\/en\/author\/nataliezoe4life-org\/"}]}},"post_mailing_queue_ids":[],"_links":{"self":[{"href":"https:\/\/zoe4life.org\/en\/wp-json\/wp\/v2\/posts\/5967","targetHints":{"allow":["GET"]}}],"collection":[{"href":"https:\/\/zoe4life.org\/en\/wp-json\/wp\/v2\/posts"}],"about":[{"href":"https:\/\/zoe4life.org\/en\/wp-json\/wp\/v2\/types\/post"}],"author":[{"embeddable":true,"href":"https:\/\/zoe4life.org\/en\/wp-json\/wp\/v2\/users\/2"}],"replies":[{"embeddable":true,"href":"https:\/\/zoe4life.org\/en\/wp-json\/wp\/v2\/comments?post=5967"}],"version-history":[{"count":63,"href":"https:\/\/zoe4life.org\/en\/wp-json\/wp\/v2\/posts\/5967\/revisions"}],"predecessor-version":[{"id":6081,"href":"https:\/\/zoe4life.org\/en\/wp-json\/wp\/v2\/posts\/5967\/revisions\/6081"}],"wp:featuredmedia":[{"embeddable":true,"href":"https:\/\/zoe4life.org\/en\/wp-json\/wp\/v2\/media\/5984"}],"wp:attachment":[{"href":"https:\/\/zoe4life.org\/en\/wp-json\/wp\/v2\/media?parent=5967"}],"wp:term":[{"taxonomy":"category","embeddable":true,"href":"https:\/\/zoe4life.org\/en\/wp-json\/wp\/v2\/categories?post=5967"},{"taxonomy":"post_tag","embeddable":true,"href":"https:\/\/zoe4life.org\/en\/wp-json\/wp\/v2\/tags?post=5967"}],"curies":[{"name":"wp","href":"https:\/\/api.w.org\/{rel}","templated":true}]}}