{"id":1852,"date":"2022-02-15T08:50:15","date_gmt":"2022-02-15T07:50:15","guid":{"rendered":"https:\/\/zoe4life.org\/?p=1852"},"modified":"2023-10-25T11:59:42","modified_gmt":"2023-10-25T09:59:42","slug":"february-15-international-childrens-cancer-day","status":"publish","type":"post","link":"https:\/\/zoe4life.org\/en\/february-15-international-childrens-cancer-day\/","title":{"rendered":"February 15, International Childhood Cancer Day"},"content":{"rendered":"<div data-elementor-type=\"wp-post\" data-elementor-id=\"1852\" class=\"elementor elementor-1852\" data-elementor-post-type=\"post\">\n\t\t\t\t<div class=\"elementor-element elementor-element-70238fd e-flex e-con-boxed e-con e-parent\" data-id=\"70238fd\" data-element_type=\"container\">\n\t\t\t\t\t<div class=\"e-con-inner\">\n\t\t\t\t<div class=\"elementor-element elementor-element-3446e73 elementor-widget elementor-widget-spacer\" data-id=\"3446e73\" data-element_type=\"widget\" data-widget_type=\"spacer.default\">\n\t\t\t\t<div class=\"elementor-widget-container\">\n\t\t\t\t\t\t\t<div class=\"elementor-spacer\">\n\t\t\t<div class=\"elementor-spacer-inner\"><\/div>\n\t\t<\/div>\n\t\t\t\t\t\t<\/div>\n\t\t\t\t<\/div>\n\t\t\t\t\t<\/div>\n\t\t\t\t<\/div>\n\t\t<div class=\"elementor-element elementor-element-6de945d e-flex e-con-boxed e-con e-parent\" data-id=\"6de945d\" data-element_type=\"container\">\n\t\t\t\t\t<div class=\"e-con-inner\">\n\t\t\t\t<div class=\"elementor-element elementor-element-476a055 elementor-widget elementor-widget-heading\" data-id=\"476a055\" data-element_type=\"widget\" data-widget_type=\"heading.default\">\n\t\t\t\t<div class=\"elementor-widget-container\">\n\t\t\t\t\t<h2 class=\"elementor-heading-title elementor-size-default\">News<\/h2>\t\t\t\t<\/div>\n\t\t\t\t<\/div>\n\t\t\t\t\t<\/div>\n\t\t\t\t<\/div>\n\t\t<div class=\"elementor-element elementor-element-fded246 e-flex e-con-boxed e-con e-parent\" data-id=\"fded246\" data-element_type=\"container\">\n\t\t\t\t\t<div class=\"e-con-inner\">\n\t\t<div class=\"elementor-element elementor-element-6c243bd e-con-full e-flex e-con e-child\" data-id=\"6c243bd\" data-element_type=\"container\">\n\t\t\t\t<div class=\"elementor-element elementor-element-a01b44d elementor-widget elementor-widget-heading\" data-id=\"a01b44d\" data-element_type=\"widget\" data-widget_type=\"heading.default\">\n\t\t\t\t<div class=\"elementor-widget-container\">\n\t\t\t\t\t<h2 class=\"elementor-heading-title elementor-size-default\">February 15, International\nInternational Childhood Cancer Day<\/h2>\t\t\t\t<\/div>\n\t\t\t\t<\/div>\n\t\t\t\t<div class=\"elementor-element elementor-element-5165551 elementor-widget elementor-widget-text-editor\" data-id=\"5165551\" data-element_type=\"widget\" data-widget_type=\"text-editor.default\">\n\t\t\t\t<div class=\"elementor-widget-container\">\n\t\t\t\t\t\t\t\t\t<p class=\"has-text-color\"><strong>Since 2002, every February 15 has been International Childhood Cancer Day. A day to remember that pediatric cancer is still the leading cause of death by disease for children under 18.<\/strong><\/p>\t\t\t\t\t\t\t\t<\/div>\n\t\t\t\t<\/div>\n\t\t\t\t<div class=\"elementor-element elementor-element-2a5acce elementor-widget elementor-widget-text-editor\" data-id=\"2a5acce\" data-element_type=\"widget\" data-widget_type=\"text-editor.default\">\n\t\t\t\t<div class=\"elementor-widget-container\">\n\t\t\t\t\t\t\t\t\t<p><strong>1,440 minutes to remember that every year, more than 400,000 children around the world are diagnosed with cancer.<\/strong><\/p>\t\t\t\t\t\t\t\t<\/div>\n\t\t\t\t<\/div>\n\t\t\t\t<\/div>\n\t\t<div class=\"elementor-element elementor-element-9730ec9 e-flex e-con-boxed e-con e-child\" data-id=\"9730ec9\" data-element_type=\"container\">\n\t\t\t\t\t<div class=\"e-con-inner\">\n\t\t\t\t<div class=\"elementor-element elementor-element-96a5e31 elementor-widget elementor-widget-image\" data-id=\"96a5e31\" data-element_type=\"widget\" data-widget_type=\"image.default\">\n\t\t\t\t<div class=\"elementor-widget-container\">\n\t\t\t\t\t\t\t\t\t\t\t\t\t\t\t<img fetchpriority=\"high\" decoding=\"async\" width=\"1080\" height=\"1080\" src=\"https:\/\/zoe4life.org\/wp-content\/uploads\/2022\/02\/15-fevrier-1.png\" class=\"attachment-full size-full wp-image-1855\" alt=\"\" srcset=\"https:\/\/zoe4life.org\/wp-content\/uploads\/2022\/02\/15-fevrier-1.png 1080w, https:\/\/zoe4life.org\/wp-content\/uploads\/2022\/02\/15-fevrier-1-300x300.png 300w, https:\/\/zoe4life.org\/wp-content\/uploads\/2022\/02\/15-fevrier-1-1024x1024.png 1024w, https:\/\/zoe4life.org\/wp-content\/uploads\/2022\/02\/15-fevrier-1-150x150.png 150w, https:\/\/zoe4life.org\/wp-content\/uploads\/2022\/02\/15-fevrier-1-768x768.png 768w\" sizes=\"(max-width: 1080px) 100vw, 1080px\" \/>\t\t\t\t\t\t\t\t\t\t\t\t\t\t\t<\/div>\n\t\t\t\t<\/div>\n\t\t\t\t\t<\/div>\n\t\t\t\t<\/div>\n\t\t\t\t\t<\/div>\n\t\t\t\t<\/div>\n\t\t<div class=\"elementor-element elementor-element-915e4dd e-flex e-con-boxed e-con e-parent\" data-id=\"915e4dd\" data-element_type=\"container\">\n\t\t\t\t\t<div class=\"e-con-inner\">\n\t\t<div class=\"elementor-element elementor-element-43dce3d e-flex e-con-boxed e-con e-child\" data-id=\"43dce3d\" data-element_type=\"container\" data-settings=\"{&quot;background_background&quot;:&quot;classic&quot;}\">\n\t\t\t\t\t<div class=\"e-con-inner\">\n\t\t\t\t<div class=\"elementor-element elementor-element-009c3dd elementor-widget-laptop__width-inherit elementor-widget elementor-widget-text-editor\" data-id=\"009c3dd\" data-element_type=\"widget\" data-widget_type=\"text-editor.default\">\n\t\t\t\t<div class=\"elementor-widget-container\">\n\t\t\t\t\t\t\t\t\t<p class=\"has-text-color\"><strong>24 hours dedicated to a cause that affects an average of 345 children every year in Switzerland.<\/strong>\u00a0A disease that still kills 1 child every week in our country, despite its excellent healthcare system.<\/p><p class=\"has-text-color\">For more than 20 years, February 15 has been raising public awareness of the plight of entire families. Because when a child is diagnosed with cancer, the whole family finds itself torn between life and death... between hospital and home... between fear and hope.<\/p>\t\t\t\t\t\t\t\t<\/div>\n\t\t\t\t<\/div>\n\t\t\t\t\t<\/div>\n\t\t\t\t<\/div>\n\t\t\t\t\t<\/div>\n\t\t\t\t<\/div>\n\t\t<div class=\"elementor-element elementor-element-845b763 e-flex e-con-boxed e-con e-parent\" data-id=\"845b763\" data-element_type=\"container\">\n\t\t\t\t\t<div class=\"e-con-inner\">\n\t\t\t\t<div class=\"elementor-element elementor-element-69e40b5 elementor-widget elementor-widget-text-editor\" data-id=\"69e40b5\" data-element_type=\"widget\" data-widget_type=\"text-editor.default\">\n\t\t\t\t<div class=\"elementor-widget-container\">\n\t\t\t\t\t\t\t\t\t<p class=\"has-text-color\">Over 20 years, and yet in all that time, too few scientific advances have led to new treatments... Some cancers are still not curable. All this time and yet, too little research has been done to find less toxic treatments to avoid serious after-effects for the majority of children lucky enough to survive.\u00a0<\/p><p class=\"has-text-color\"><strong>Can we really do no better? Is it really possible to do more?<\/strong><\/p><p class=\"has-text-color\">At Zo\u00e94life, it's not just on February 15 that we fight to advance research and raise public awareness, it's all year round... Every day is February 15, and every day, we have the hope that together, we can make a difference for children with cancer.<\/p>\t\t\t\t\t\t\t\t<\/div>\n\t\t\t\t<\/div>\n\t\t\t\t\t<\/div>\n\t\t\t\t<\/div>\n\t\t<div class=\"elementor-element elementor-element-e5d002d e-flex e-con-boxed e-con e-parent\" data-id=\"e5d002d\" data-element_type=\"container\" data-settings=\"{&quot;background_background&quot;:&quot;classic&quot;}\">\n\t\t\t\t\t<div class=\"e-con-inner\">\n\t\t<div class=\"elementor-element elementor-element-61ead79 e-flex e-con-boxed e-con e-child\" data-id=\"61ead79\" data-element_type=\"container\">\n\t\t\t\t\t<div class=\"e-con-inner\">\n\t\t\t\t<div class=\"elementor-element elementor-element-cf9c217 elementor-widget elementor-widget-text-editor\" data-id=\"cf9c217\" data-element_type=\"widget\" data-widget_type=\"text-editor.default\">\n\t\t\t\t<div class=\"elementor-widget-container\">\n\t\t\t\t\t\t\t\t\t<p class=\"has-normal-font-size\"><strong>It's time to consider these children... your child, your granddaughter, your cousin, your best friend's son, or simply that young girl you met on the bus. It's time to focus on them and give them a better future. Because they're our future too... and because they're tomorrow's future...<\/strong><\/p>\t\t\t\t\t\t\t\t<\/div>\n\t\t\t\t<\/div>\n\t\t\t\t\t<\/div>\n\t\t\t\t<\/div>\n\t\t\t\t\t<\/div>\n\t\t\t\t<\/div>\n\t\t<div class=\"elementor-element elementor-element-4ac1dc9 e-flex e-con-boxed e-con e-parent\" data-id=\"4ac1dc9\" data-element_type=\"container\">\n\t\t\t\t\t<div class=\"e-con-inner\">\n\t\t\t\t<div class=\"elementor-element elementor-element-86ed92c elementor-widget__width-initial elementor-widget elementor-widget-heading\" data-id=\"86ed92c\" data-element_type=\"widget\" data-widget_type=\"heading.default\">\n\t\t\t\t<div class=\"elementor-widget-container\">\n\t\t\t\t\t<h2 class=\"elementor-heading-title elementor-size-default\">On International Childhood Cancer Day, let's support research together.\n<\/h2>\t\t\t\t<\/div>\n\t\t\t\t<\/div>\n\t\t\t\t\t<\/div>\n\t\t\t\t<\/div>\n\t\t\t\t<\/div>","protected":false},"excerpt":{"rendered":"<p>News February 15, International Childhood Cancer Day Since 2002, every February 15 has been International Childhood Cancer Day. A day to remember that pediatric cancer is still the leading cause of death by disease for children under 18. 1,440 minutes to remember that every year [...]<\/p>","protected":false},"author":2,"featured_media":4418,"comment_status":"closed","ping_status":"open","sticky":false,"template":"","format":"standard","meta":{"_acf_changed":false,"footnotes":""},"categories":[6],"tags":[],"class_list":["post-1852","post","type-post","status-publish","format-standard","has-post-thumbnail","hentry","category-dediees-aux-familles"],"acf":[],"yoast_head":"<!-- This site is optimized with the Yoast SEO plugin v26.6 - https:\/\/yoast.com\/wordpress\/plugins\/seo\/ -->\n<title>15 f\u00e9vrier, journ\u00e9e internationale du cancer de l\u2019enfant - Zo\u00e94life<\/title>\n<meta name=\"robots\" content=\"index, follow, max-snippet:-1, max-image-preview:large, max-video-preview:-1\" \/>\n<link rel=\"canonical\" href=\"https:\/\/zoe4life.org\/en\/february-15-international-childrens-cancer-day\/\" \/>\n<meta property=\"og:locale\" content=\"en_US\" \/>\n<meta property=\"og:type\" content=\"article\" \/>\n<meta property=\"og:title\" content=\"15 f\u00e9vrier, journ\u00e9e internationale du cancer de l\u2019enfant - Zo\u00e94life\" \/>\n<meta property=\"og:description\" content=\"Actualit\u00e9s 15 f\u00e9vrier, journ\u00e9e internationale du cancer de l\u2019enfant Depuis 2002, chaque 15 f\u00e9vrier annonce\u00a0la journ\u00e9e internationale du cancer de l\u2019enfant. Une journ\u00e9e pour se souvenir que le cancer p\u00e9diatrique est toujours la premi\u00e8re cause de mortalit\u00e9 par maladie pour les enfants de moins de 18 ans. 1\u2019440 minutes pour se rappeler que chaque ann\u00e9e [&hellip;]\" \/>\n<meta property=\"og:url\" content=\"https:\/\/zoe4life.org\/en\/february-15-international-childrens-cancer-day\/\" \/>\n<meta property=\"og:site_name\" content=\"Zo\u00e94life\" \/>\n<meta property=\"article:publisher\" content=\"https:\/\/www.facebook.com\/zoe4lifeCH\" \/>\n<meta property=\"article:published_time\" content=\"2022-02-15T07:50:15+00:00\" \/>\n<meta property=\"article:modified_time\" content=\"2023-10-25T09:59:42+00:00\" \/>\n<meta property=\"og:image\" content=\"https:\/\/zoe4life.org\/wp-content\/uploads\/2022\/05\/international_day.png\" \/>\n\t<meta property=\"og:image:width\" content=\"1080\" \/>\n\t<meta property=\"og:image:height\" content=\"1080\" \/>\n\t<meta property=\"og:image:type\" content=\"image\/png\" \/>\n<meta name=\"author\" content=\"Natalie Zo\u00e94life\" \/>\n<meta name=\"twitter:card\" content=\"summary_large_image\" \/>\n<meta name=\"twitter:creator\" content=\"@zoe44life\" \/>\n<meta name=\"twitter:site\" content=\"@zoe44life\" \/>\n<meta name=\"twitter:label1\" content=\"Written by\" \/>\n\t<meta name=\"twitter:data1\" content=\"Natalie Zo\u00e94life\" \/>\n\t<meta name=\"twitter:label2\" content=\"Est. reading time\" \/>\n\t<meta name=\"twitter:data2\" content=\"2 minutes\" \/>\n<script type=\"application\/ld+json\" class=\"yoast-schema-graph\">{\"@context\":\"https:\/\/schema.org\",\"@graph\":[{\"@type\":\"Article\",\"@id\":\"https:\/\/zoe4life.org\/15-fevrier-journee-internationale-du-cancer-de-lenfant\/#article\",\"isPartOf\":{\"@id\":\"https:\/\/zoe4life.org\/15-fevrier-journee-internationale-du-cancer-de-lenfant\/\"},\"author\":{\"name\":\"Natalie Zo\u00e94life\",\"@id\":\"https:\/\/zoe4life.org\/#\/schema\/person\/86347490a73d89f0b14247c28fd87364\"},\"headline\":\"15 f\u00e9vrier, journ\u00e9e internationale du cancer de l\u2019enfant\",\"datePublished\":\"2022-02-15T07:50:15+00:00\",\"dateModified\":\"2023-10-25T09:59:42+00:00\",\"mainEntityOfPage\":{\"@id\":\"https:\/\/zoe4life.org\/15-fevrier-journee-internationale-du-cancer-de-lenfant\/\"},\"wordCount\":395,\"publisher\":{\"@id\":\"https:\/\/zoe4life.org\/#organization\"},\"image\":{\"@id\":\"https:\/\/zoe4life.org\/15-fevrier-journee-internationale-du-cancer-de-lenfant\/#primaryimage\"},\"thumbnailUrl\":\"https:\/\/zoe4life.org\/wp-content\/uploads\/2022\/05\/international_day.png\",\"articleSection\":[\"D\u00e9di\u00e9es aux familles\"],\"inLanguage\":\"en-US\"},{\"@type\":\"WebPage\",\"@id\":\"https:\/\/zoe4life.org\/15-fevrier-journee-internationale-du-cancer-de-lenfant\/\",\"url\":\"https:\/\/zoe4life.org\/15-fevrier-journee-internationale-du-cancer-de-lenfant\/\",\"name\":\"15 f\u00e9vrier, journ\u00e9e internationale du cancer de l\u2019enfant - Zo\u00e94life\",\"isPartOf\":{\"@id\":\"https:\/\/zoe4life.org\/#website\"},\"primaryImageOfPage\":{\"@id\":\"https:\/\/zoe4life.org\/15-fevrier-journee-internationale-du-cancer-de-lenfant\/#primaryimage\"},\"image\":{\"@id\":\"https:\/\/zoe4life.org\/15-fevrier-journee-internationale-du-cancer-de-lenfant\/#primaryimage\"},\"thumbnailUrl\":\"https:\/\/zoe4life.org\/wp-content\/uploads\/2022\/05\/international_day.png\",\"datePublished\":\"2022-02-15T07:50:15+00:00\",\"dateModified\":\"2023-10-25T09:59:42+00:00\",\"breadcrumb\":{\"@id\":\"https:\/\/zoe4life.org\/15-fevrier-journee-internationale-du-cancer-de-lenfant\/#breadcrumb\"},\"inLanguage\":\"en-US\",\"potentialAction\":[{\"@type\":\"ReadAction\",\"target\":[\"https:\/\/zoe4life.org\/15-fevrier-journee-internationale-du-cancer-de-lenfant\/\"]}]},{\"@type\":\"ImageObject\",\"inLanguage\":\"en-US\",\"@id\":\"https:\/\/zoe4life.org\/15-fevrier-journee-internationale-du-cancer-de-lenfant\/#primaryimage\",\"url\":\"https:\/\/zoe4life.org\/wp-content\/uploads\/2022\/05\/international_day.png\",\"contentUrl\":\"https:\/\/zoe4life.org\/wp-content\/uploads\/2022\/05\/international_day.png\",\"width\":1080,\"height\":1080},{\"@type\":\"BreadcrumbList\",\"@id\":\"https:\/\/zoe4life.org\/15-fevrier-journee-internationale-du-cancer-de-lenfant\/#breadcrumb\",\"itemListElement\":[{\"@type\":\"ListItem\",\"position\":1,\"name\":\"Accueil\",\"item\":\"https:\/\/zoe4life.org\/\"},{\"@type\":\"ListItem\",\"position\":2,\"name\":\"15 f\u00e9vrier, journ\u00e9e internationale du cancer de l\u2019enfant\"}]},{\"@type\":\"WebSite\",\"@id\":\"https:\/\/zoe4life.org\/#website\",\"url\":\"https:\/\/zoe4life.org\/\",\"name\":\"Zo\u00e94Life\",\"description\":\"Ensemble contre le cancer de l&#039;enfant avec l&#039;association Zo\u00e94life\",\"publisher\":{\"@id\":\"https:\/\/zoe4life.org\/#organization\"},\"potentialAction\":[{\"@type\":\"SearchAction\",\"target\":{\"@type\":\"EntryPoint\",\"urlTemplate\":\"https:\/\/zoe4life.org\/?s={search_term_string}\"},\"query-input\":{\"@type\":\"PropertyValueSpecification\",\"valueRequired\":true,\"valueName\":\"search_term_string\"}}],\"inLanguage\":\"en-US\"},{\"@type\":\"Organization\",\"@id\":\"https:\/\/zoe4life.org\/#organization\",\"name\":\"Zo\u00e94Life\",\"url\":\"https:\/\/zoe4life.org\/\",\"logo\":{\"@type\":\"ImageObject\",\"inLanguage\":\"en-US\",\"@id\":\"https:\/\/zoe4life.org\/#\/schema\/logo\/image\/\",\"url\":\"https:\/\/zoe4life.org\/wp-content\/uploads\/2023\/08\/logo-full-zoe4life.png\",\"contentUrl\":\"https:\/\/zoe4life.org\/wp-content\/uploads\/2023\/08\/logo-full-zoe4life.png\",\"width\":600,\"height\":668,\"caption\":\"Zo\u00e94Life\"},\"image\":{\"@id\":\"https:\/\/zoe4life.org\/#\/schema\/logo\/image\/\"},\"sameAs\":[\"https:\/\/www.facebook.com\/zoe4lifeCH\",\"https:\/\/x.com\/zoe44life\",\"https:\/\/instagram.com\/zoe_4_life\/\",\"https:\/\/www.linkedin.com\/company\/zoe4life\",\"https:\/\/www.youtube.com\/channel\/UC5nG2HheLJVOlz4c3K30XRA\",\"https:\/\/www.pinterest.ch\/zo4life\/\"]},{\"@type\":\"Person\",\"@id\":\"https:\/\/zoe4life.org\/#\/schema\/person\/86347490a73d89f0b14247c28fd87364\",\"name\":\"Natalie Zo\u00e94life\",\"image\":{\"@type\":\"ImageObject\",\"inLanguage\":\"en-US\",\"@id\":\"https:\/\/zoe4life.org\/#\/schema\/person\/image\/\",\"url\":\"https:\/\/secure.gravatar.com\/avatar\/323bdcdd786a9af7282eddd0678713f69b3be18fb541c75e8310ec103d1cb6dd?s=96&d=mm&r=g\",\"contentUrl\":\"https:\/\/secure.gravatar.com\/avatar\/323bdcdd786a9af7282eddd0678713f69b3be18fb541c75e8310ec103d1cb6dd?s=96&d=mm&r=g\",\"caption\":\"Natalie Zo\u00e94life\"},\"url\":\"https:\/\/zoe4life.org\/en\/author\/nataliezoe4life-org\/\"}]}<\/script>\n<!-- \/ Yoast SEO plugin. -->","yoast_head_json":{"title":"February 15, International Childhood Cancer Day - Zo\u00e94life","robots":{"index":"index","follow":"follow","max-snippet":"max-snippet:-1","max-image-preview":"max-image-preview:large","max-video-preview":"max-video-preview:-1"},"canonical":"https:\/\/zoe4life.org\/en\/february-15-international-childrens-cancer-day\/","og_locale":"en_US","og_type":"article","og_title":"15 f\u00e9vrier, journ\u00e9e internationale du cancer de l\u2019enfant - Zo\u00e94life","og_description":"Actualit\u00e9s 15 f\u00e9vrier, journ\u00e9e internationale du cancer de l\u2019enfant Depuis 2002, chaque 15 f\u00e9vrier annonce\u00a0la journ\u00e9e internationale du cancer de l\u2019enfant. Une journ\u00e9e pour se souvenir que le cancer p\u00e9diatrique est toujours la premi\u00e8re cause de mortalit\u00e9 par maladie pour les enfants de moins de 18 ans. 1\u2019440 minutes pour se rappeler que chaque ann\u00e9e [&hellip;]","og_url":"https:\/\/zoe4life.org\/en\/february-15-international-childrens-cancer-day\/","og_site_name":"Zo\u00e94life","article_publisher":"https:\/\/www.facebook.com\/zoe4lifeCH","article_published_time":"2022-02-15T07:50:15+00:00","article_modified_time":"2023-10-25T09:59:42+00:00","og_image":[{"width":1080,"height":1080,"url":"https:\/\/zoe4life.org\/wp-content\/uploads\/2022\/05\/international_day.png","type":"image\/png"}],"author":"Natalie Zo\u00e94life","twitter_card":"summary_large_image","twitter_creator":"@zoe44life","twitter_site":"@zoe44life","twitter_misc":{"Written by":"Natalie Zo\u00e94life","Est. reading time":"2 minutes"},"schema":{"@context":"https:\/\/schema.org","@graph":[{"@type":"Article","@id":"https:\/\/zoe4life.org\/15-fevrier-journee-internationale-du-cancer-de-lenfant\/#article","isPartOf":{"@id":"https:\/\/zoe4life.org\/15-fevrier-journee-internationale-du-cancer-de-lenfant\/"},"author":{"name":"Natalie Zo\u00e94life","@id":"https:\/\/zoe4life.org\/#\/schema\/person\/86347490a73d89f0b14247c28fd87364"},"headline":"15 f\u00e9vrier, journ\u00e9e internationale du cancer de l\u2019enfant","datePublished":"2022-02-15T07:50:15+00:00","dateModified":"2023-10-25T09:59:42+00:00","mainEntityOfPage":{"@id":"https:\/\/zoe4life.org\/15-fevrier-journee-internationale-du-cancer-de-lenfant\/"},"wordCount":395,"publisher":{"@id":"https:\/\/zoe4life.org\/#organization"},"image":{"@id":"https:\/\/zoe4life.org\/15-fevrier-journee-internationale-du-cancer-de-lenfant\/#primaryimage"},"thumbnailUrl":"https:\/\/zoe4life.org\/wp-content\/uploads\/2022\/05\/international_day.png","articleSection":["D\u00e9di\u00e9es aux familles"],"inLanguage":"en-US"},{"@type":"WebPage","@id":"https:\/\/zoe4life.org\/15-fevrier-journee-internationale-du-cancer-de-lenfant\/","url":"https:\/\/zoe4life.org\/15-fevrier-journee-internationale-du-cancer-de-lenfant\/","name":"February 15, International Childhood Cancer Day - Zo\u00e94life","isPartOf":{"@id":"https:\/\/zoe4life.org\/#website"},"primaryImageOfPage":{"@id":"https:\/\/zoe4life.org\/15-fevrier-journee-internationale-du-cancer-de-lenfant\/#primaryimage"},"image":{"@id":"https:\/\/zoe4life.org\/15-fevrier-journee-internationale-du-cancer-de-lenfant\/#primaryimage"},"thumbnailUrl":"https:\/\/zoe4life.org\/wp-content\/uploads\/2022\/05\/international_day.png","datePublished":"2022-02-15T07:50:15+00:00","dateModified":"2023-10-25T09:59:42+00:00","breadcrumb":{"@id":"https:\/\/zoe4life.org\/15-fevrier-journee-internationale-du-cancer-de-lenfant\/#breadcrumb"},"inLanguage":"en-US","potentialAction":[{"@type":"ReadAction","target":["https:\/\/zoe4life.org\/15-fevrier-journee-internationale-du-cancer-de-lenfant\/"]}]},{"@type":"ImageObject","inLanguage":"en-US","@id":"https:\/\/zoe4life.org\/15-fevrier-journee-internationale-du-cancer-de-lenfant\/#primaryimage","url":"https:\/\/zoe4life.org\/wp-content\/uploads\/2022\/05\/international_day.png","contentUrl":"https:\/\/zoe4life.org\/wp-content\/uploads\/2022\/05\/international_day.png","width":1080,"height":1080},{"@type":"BreadcrumbList","@id":"https:\/\/zoe4life.org\/15-fevrier-journee-internationale-du-cancer-de-lenfant\/#breadcrumb","itemListElement":[{"@type":"ListItem","position":1,"name":"Accueil","item":"https:\/\/zoe4life.org\/"},{"@type":"ListItem","position":2,"name":"15 f\u00e9vrier, journ\u00e9e internationale du cancer de l\u2019enfant"}]},{"@type":"WebSite","@id":"https:\/\/zoe4life.org\/#website","url":"https:\/\/zoe4life.org\/","name":"Zo\u00e94Life","description":"Ensemble contre le cancer de l&#039;enfant avec l&#039;association Zo\u00e94life","publisher":{"@id":"https:\/\/zoe4life.org\/#organization"},"potentialAction":[{"@type":"SearchAction","target":{"@type":"EntryPoint","urlTemplate":"https:\/\/zoe4life.org\/?s={search_term_string}"},"query-input":{"@type":"PropertyValueSpecification","valueRequired":true,"valueName":"search_term_string"}}],"inLanguage":"en-US"},{"@type":"Organization","@id":"https:\/\/zoe4life.org\/#organization","name":"Zo\u00e94Life","url":"https:\/\/zoe4life.org\/","logo":{"@type":"ImageObject","inLanguage":"en-US","@id":"https:\/\/zoe4life.org\/#\/schema\/logo\/image\/","url":"https:\/\/zoe4life.org\/wp-content\/uploads\/2023\/08\/logo-full-zoe4life.png","contentUrl":"https:\/\/zoe4life.org\/wp-content\/uploads\/2023\/08\/logo-full-zoe4life.png","width":600,"height":668,"caption":"Zo\u00e94Life"},"image":{"@id":"https:\/\/zoe4life.org\/#\/schema\/logo\/image\/"},"sameAs":["https:\/\/www.facebook.com\/zoe4lifeCH","https:\/\/x.com\/zoe44life","https:\/\/instagram.com\/zoe_4_life\/","https:\/\/www.linkedin.com\/company\/zoe4life","https:\/\/www.youtube.com\/channel\/UC5nG2HheLJVOlz4c3K30XRA","https:\/\/www.pinterest.ch\/zo4life\/"]},{"@type":"Person","@id":"https:\/\/zoe4life.org\/#\/schema\/person\/86347490a73d89f0b14247c28fd87364","name":"Natalie Zo\u00e94life","image":{"@type":"ImageObject","inLanguage":"en-US","@id":"https:\/\/zoe4life.org\/#\/schema\/person\/image\/","url":"https:\/\/secure.gravatar.com\/avatar\/323bdcdd786a9af7282eddd0678713f69b3be18fb541c75e8310ec103d1cb6dd?s=96&d=mm&r=g","contentUrl":"https:\/\/secure.gravatar.com\/avatar\/323bdcdd786a9af7282eddd0678713f69b3be18fb541c75e8310ec103d1cb6dd?s=96&d=mm&r=g","caption":"Natalie Zo\u00e94life"},"url":"https:\/\/zoe4life.org\/en\/author\/nataliezoe4life-org\/"}]}},"post_mailing_queue_ids":[],"_links":{"self":[{"href":"https:\/\/zoe4life.org\/en\/wp-json\/wp\/v2\/posts\/1852","targetHints":{"allow":["GET"]}}],"collection":[{"href":"https:\/\/zoe4life.org\/en\/wp-json\/wp\/v2\/posts"}],"about":[{"href":"https:\/\/zoe4life.org\/en\/wp-json\/wp\/v2\/types\/post"}],"author":[{"embeddable":true,"href":"https:\/\/zoe4life.org\/en\/wp-json\/wp\/v2\/users\/2"}],"replies":[{"embeddable":true,"href":"https:\/\/zoe4life.org\/en\/wp-json\/wp\/v2\/comments?post=1852"}],"version-history":[{"count":14,"href":"https:\/\/zoe4life.org\/en\/wp-json\/wp\/v2\/posts\/1852\/revisions"}],"predecessor-version":[{"id":4423,"href":"https:\/\/zoe4life.org\/en\/wp-json\/wp\/v2\/posts\/1852\/revisions\/4423"}],"wp:featuredmedia":[{"embeddable":true,"href":"https:\/\/zoe4life.org\/en\/wp-json\/wp\/v2\/media\/4418"}],"wp:attachment":[{"href":"https:\/\/zoe4life.org\/en\/wp-json\/wp\/v2\/media?parent=1852"}],"wp:term":[{"taxonomy":"category","embeddable":true,"href":"https:\/\/zoe4life.org\/en\/wp-json\/wp\/v2\/categories?post=1852"},{"taxonomy":"post_tag","embeddable":true,"href":"https:\/\/zoe4life.org\/en\/wp-json\/wp\/v2\/tags?post=1852"}],"curies":[{"name":"wp","href":"https:\/\/api.w.org\/{rel}","templated":true}]}}